{"id":3302,"date":"2026-09-02T11:21:44","date_gmt":"2026-09-02T10:21:44","guid":{"rendered":"https:\/\/www.ideolegal.com\/?p=3302"},"modified":"2026-09-02T11:21:44","modified_gmt":"2026-09-02T10:21:44","slug":"la-presencia-de-bases-imponibles-negativas-pendientes-de-compensar-en-una-fusion-por-absorcion","status":"publish","type":"post","link":"https:\/\/www.ideolegal.com\/en\/la-presencia-de-bases-imponibles-negativas-pendientes-de-compensar-en-una-fusion-por-absorcion\/","title":{"rendered":"La presencia de bases imponibles negativas pendientes de compensar en una fusi\u00f3n por absorci\u00f3n"},"content":{"rendered":"<p>Javier Mart\u00edn Fern\u00e1ndez publica esta semana en Confilegal un an\u00e1lisis sobre la aplicaci\u00f3n del r\u00e9gimen FEAC en operaciones de fusi\u00f3n por absorci\u00f3n cuando existen bases imponibles negativas pendientes de compensar.<\/p>\n<p>Puedes leerlo aqu\u00ed:\u00a0<a href=\"https:\/\/confilegal.com\/20260802-regimen-feac-bases-imponibles-negativas-fusion\/\">https:\/\/lnkd.in\/dTbfUrgW<\/a><\/p>\n","protected":false},"excerpt":{"rendered":"<p>Javier Mart\u00edn Fern\u00e1ndez publica esta semana en Confilegal un an\u00e1lisis sobre la aplicaci\u00f3n del r\u00e9gimen FEAC en operaciones de fusi\u00f3n por absorci\u00f3n cuando existen bases imponibles negativas pendientes de compensar. Puedes leerlo aqu\u00ed:\u00a0https:\/\/lnkd.in\/dTbfUrgW<\/p>\n","protected":false},"author":7,"featured_media":0,"comment_status":"closed","ping_status":"open","sticky":false,"template":"","format":"standard","meta":{"footnotes":""},"categories":[47],"tags":[],"class_list":["post-3302","post","type-post","status-publish","format-standard","hentry","category-derecho-tributario"],"yoast_head":"<!-- This site is optimized with the Yoast SEO plugin v28.4 - https:\/\/yoast.com\/product\/yoast-seo-wordpress\/ -->\n<title>La presencia de bases imponibles negativas pendientes de compensar en una fusi\u00f3n por absorci\u00f3n - IDEO LEGAL Abogados especialistas en Derecho Financiero y Tributario en Madrid y M\u00e1laga<\/title>\n<meta name=\"robots\" content=\"index, follow, max-snippet:-1, max-image-preview:large, max-video-preview:-1\" \/>\n<link rel=\"canonical\" href=\"https:\/\/www.ideolegal.com\/la-presencia-de-bases-imponibles-negativas-pendientes-de-compensar-en-una-fusion-por-absorcion\/\" \/>\n<meta property=\"og:locale\" content=\"en_US\" \/>\n<meta property=\"og:type\" content=\"article\" \/>\n<meta property=\"og:title\" content=\"La presencia de bases imponibles negativas pendientes de compensar en una fusi\u00f3n por absorci\u00f3n - IDEO LEGAL Abogados especialistas en Derecho Financiero y Tributario en Madrid y M\u00e1laga\" \/>\n<meta property=\"og:description\" content=\"Javier Mart\u00edn Fern\u00e1ndez publica esta semana en Confilegal un an\u00e1lisis sobre la aplicaci\u00f3n del r\u00e9gimen FEAC en operaciones de fusi\u00f3n por absorci\u00f3n cuando existen bases imponibles negativas pendientes de compensar. Puedes leerlo aqu\u00ed:\u00a0https:\/\/lnkd.in\/dTbfUrgW\" \/>\n<meta property=\"og:url\" content=\"https:\/\/www.ideolegal.com\/la-presencia-de-bases-imponibles-negativas-pendientes-de-compensar-en-una-fusion-por-absorcion\/\" \/>\n<meta property=\"og:site_name\" content=\"IDEO LEGAL\" \/>\n<meta property=\"article:published_time\" content=\"2026-09-02T10:21:44+00:00\" \/>\n<meta name=\"author\" content=\"Ideo Legal\" \/>\n<meta name=\"twitter:card\" content=\"summary_large_image\" \/>\n<meta name=\"twitter:label1\" content=\"Written by\" \/>\n\t<meta name=\"twitter:data1\" content=\"Ideo Legal\" \/>\n<script type=\"application\/ld+json\" class=\"yoast-schema-graph\">{\"@context\":\"https:\\\/\\\/schema.org\",\"@graph\":[{\"@type\":\"Article\",\"@id\":\"https:\\\/\\\/www.ideolegal.com\\\/la-presencia-de-bases-imponibles-negativas-pendientes-de-compensar-en-una-fusion-por-absorcion\\\/#article\",\"isPartOf\":{\"@id\":\"https:\\\/\\\/www.ideolegal.com\\\/la-presencia-de-bases-imponibles-negativas-pendientes-de-compensar-en-una-fusion-por-absorcion\\\/\"},\"author\":{\"name\":\"Ideo Legal\",\"@id\":\"https:\\\/\\\/www.ideolegal.com\\\/#\\\/schema\\\/person\\\/385e5b0d6dac23c4ee00e88a64c674f9\"},\"headline\":\"La presencia de bases imponibles negativas pendientes de compensar en una fusi\u00f3n por absorci\u00f3n\",\"datePublished\":\"2026-09-02T10:21:44+00:00\",\"mainEntityOfPage\":{\"@id\":\"https:\\\/\\\/www.ideolegal.com\\\/la-presencia-de-bases-imponibles-negativas-pendientes-de-compensar-en-una-fusion-por-absorcion\\\/\"},\"wordCount\":60,\"publisher\":{\"@id\":\"https:\\\/\\\/www.ideolegal.com\\\/#organization\"},\"articleSection\":[\"Derecho Tributario\"],\"inLanguage\":\"en-US\"},{\"@type\":\"WebPage\",\"@id\":\"https:\\\/\\\/www.ideolegal.com\\\/la-presencia-de-bases-imponibles-negativas-pendientes-de-compensar-en-una-fusion-por-absorcion\\\/\",\"url\":\"https:\\\/\\\/www.ideolegal.com\\\/la-presencia-de-bases-imponibles-negativas-pendientes-de-compensar-en-una-fusion-por-absorcion\\\/\",\"name\":\"La presencia de bases imponibles negativas pendientes de compensar en una fusi\u00f3n por absorci\u00f3n - IDEO LEGAL Abogados especialistas en Derecho Financiero y Tributario en Madrid y M\u00e1laga\",\"isPartOf\":{\"@id\":\"https:\\\/\\\/www.ideolegal.com\\\/#website\"},\"datePublished\":\"2026-09-02T10:21:44+00:00\",\"breadcrumb\":{\"@id\":\"https:\\\/\\\/www.ideolegal.com\\\/la-presencia-de-bases-imponibles-negativas-pendientes-de-compensar-en-una-fusion-por-absorcion\\\/#breadcrumb\"},\"inLanguage\":\"en-US\",\"potentialAction\":[{\"@type\":\"ReadAction\",\"target\":[\"https:\\\/\\\/www.ideolegal.com\\\/la-presencia-de-bases-imponibles-negativas-pendientes-de-compensar-en-una-fusion-por-absorcion\\\/\"]}]},{\"@type\":\"BreadcrumbList\",\"@id\":\"https:\\\/\\\/www.ideolegal.com\\\/la-presencia-de-bases-imponibles-negativas-pendientes-de-compensar-en-una-fusion-por-absorcion\\\/#breadcrumb\",\"itemListElement\":[{\"@type\":\"ListItem\",\"position\":1,\"name\":\"Portada\",\"item\":\"https:\\\/\\\/www.ideolegal.com\\\/en\\\/\"},{\"@type\":\"ListItem\",\"position\":2,\"name\":\"La presencia de bases imponibles negativas pendientes de compensar en una fusi\u00f3n por absorci\u00f3n\"}]},{\"@type\":\"WebSite\",\"@id\":\"https:\\\/\\\/www.ideolegal.com\\\/#website\",\"url\":\"https:\\\/\\\/www.ideolegal.com\\\/\",\"name\":\"IDEO LEGAL\",\"description\":\"Abogados especialistas en Derecho Financiero y Tributario en Madrid y M\u00e1laga\",\"publisher\":{\"@id\":\"https:\\\/\\\/www.ideolegal.com\\\/#organization\"},\"potentialAction\":[{\"@type\":\"SearchAction\",\"target\":{\"@type\":\"EntryPoint\",\"urlTemplate\":\"https:\\\/\\\/www.ideolegal.com\\\/?s={search_term_string}\"},\"query-input\":{\"@type\":\"PropertyValueSpecification\",\"valueRequired\":true,\"valueName\":\"search_term_string\"}}],\"inLanguage\":\"en-US\"},{\"@type\":\"Organization\",\"@id\":\"https:\\\/\\\/www.ideolegal.com\\\/#organization\",\"name\":\"IDEO LEGAL\",\"url\":\"https:\\\/\\\/www.ideolegal.com\\\/\",\"logo\":{\"@type\":\"ImageObject\",\"inLanguage\":\"en-US\",\"@id\":\"https:\\\/\\\/www.ideolegal.com\\\/#\\\/schema\\\/logo\\\/image\\\/\",\"url\":\"https:\\\/\\\/www.ideolegal.com\\\/wp-content\\\/uploads\\\/ideo_legal-logo-new.png\",\"contentUrl\":\"https:\\\/\\\/www.ideolegal.com\\\/wp-content\\\/uploads\\\/ideo_legal-logo-new.png\",\"width\":350,\"height\":86,\"caption\":\"IDEO LEGAL\"},\"image\":{\"@id\":\"https:\\\/\\\/www.ideolegal.com\\\/#\\\/schema\\\/logo\\\/image\\\/\"}},{\"@type\":\"Person\",\"@id\":\"https:\\\/\\\/www.ideolegal.com\\\/#\\\/schema\\\/person\\\/385e5b0d6dac23c4ee00e88a64c674f9\",\"name\":\"Ideo Legal\",\"image\":{\"@type\":\"ImageObject\",\"inLanguage\":\"en-US\",\"@id\":\"https:\\\/\\\/secure.gravatar.com\\\/avatar\\\/8248456b70d3352af8951e364610e860d47b1097e0d5d04354f9702888f9b2cc?s=96&d=mm&r=g\",\"url\":\"https:\\\/\\\/secure.gravatar.com\\\/avatar\\\/8248456b70d3352af8951e364610e860d47b1097e0d5d04354f9702888f9b2cc?s=96&d=mm&r=g\",\"contentUrl\":\"https:\\\/\\\/secure.gravatar.com\\\/avatar\\\/8248456b70d3352af8951e364610e860d47b1097e0d5d04354f9702888f9b2cc?s=96&d=mm&r=g\",\"caption\":\"Ideo Legal\"},\"url\":\"https:\\\/\\\/www.ideolegal.com\\\/en\\\/author\\\/ngarcia\\\/\"}]}<\/script>\n<!-- \/ Yoast SEO plugin. -->","yoast_head_json":{"title":"La presencia de bases imponibles negativas pendientes de compensar en una fusi\u00f3n por absorci\u00f3n - IDEO LEGAL Abogados especialistas en Derecho Financiero y Tributario en Madrid y M\u00e1laga","robots":{"index":"index","follow":"follow","max-snippet":"max-snippet:-1","max-image-preview":"max-image-preview:large","max-video-preview":"max-video-preview:-1"},"canonical":"https:\/\/www.ideolegal.com\/la-presencia-de-bases-imponibles-negativas-pendientes-de-compensar-en-una-fusion-por-absorcion\/","og_locale":"en_US","og_type":"article","og_title":"La presencia de bases imponibles negativas pendientes de compensar en una fusi\u00f3n por absorci\u00f3n - IDEO LEGAL Abogados especialistas en Derecho Financiero y Tributario en Madrid y M\u00e1laga","og_description":"Javier Mart\u00edn Fern\u00e1ndez publica esta semana en Confilegal un an\u00e1lisis sobre la aplicaci\u00f3n del r\u00e9gimen FEAC en operaciones de fusi\u00f3n por absorci\u00f3n cuando existen bases imponibles negativas pendientes de compensar. Puedes leerlo aqu\u00ed:\u00a0https:\/\/lnkd.in\/dTbfUrgW","og_url":"https:\/\/www.ideolegal.com\/la-presencia-de-bases-imponibles-negativas-pendientes-de-compensar-en-una-fusion-por-absorcion\/","og_site_name":"IDEO LEGAL","article_published_time":"2026-09-02T10:21:44+00:00","author":"Ideo Legal","twitter_card":"summary_large_image","twitter_misc":{"Written by":"Ideo Legal"},"schema":{"@context":"https:\/\/schema.org","@graph":[{"@type":"Article","@id":"https:\/\/www.ideolegal.com\/la-presencia-de-bases-imponibles-negativas-pendientes-de-compensar-en-una-fusion-por-absorcion\/#article","isPartOf":{"@id":"https:\/\/www.ideolegal.com\/la-presencia-de-bases-imponibles-negativas-pendientes-de-compensar-en-una-fusion-por-absorcion\/"},"author":{"name":"Ideo Legal","@id":"https:\/\/www.ideolegal.com\/#\/schema\/person\/385e5b0d6dac23c4ee00e88a64c674f9"},"headline":"La presencia de bases imponibles negativas pendientes de compensar en una fusi\u00f3n por absorci\u00f3n","datePublished":"2026-09-02T10:21:44+00:00","mainEntityOfPage":{"@id":"https:\/\/www.ideolegal.com\/la-presencia-de-bases-imponibles-negativas-pendientes-de-compensar-en-una-fusion-por-absorcion\/"},"wordCount":60,"publisher":{"@id":"https:\/\/www.ideolegal.com\/#organization"},"articleSection":["Derecho Tributario"],"inLanguage":"en-US"},{"@type":"WebPage","@id":"https:\/\/www.ideolegal.com\/la-presencia-de-bases-imponibles-negativas-pendientes-de-compensar-en-una-fusion-por-absorcion\/","url":"https:\/\/www.ideolegal.com\/la-presencia-de-bases-imponibles-negativas-pendientes-de-compensar-en-una-fusion-por-absorcion\/","name":"La presencia de bases imponibles negativas pendientes de compensar en una fusi\u00f3n por absorci\u00f3n - IDEO LEGAL Abogados especialistas en Derecho Financiero y Tributario en Madrid y M\u00e1laga","isPartOf":{"@id":"https:\/\/www.ideolegal.com\/#website"},"datePublished":"2026-09-02T10:21:44+00:00","breadcrumb":{"@id":"https:\/\/www.ideolegal.com\/la-presencia-de-bases-imponibles-negativas-pendientes-de-compensar-en-una-fusion-por-absorcion\/#breadcrumb"},"inLanguage":"en-US","potentialAction":[{"@type":"ReadAction","target":["https:\/\/www.ideolegal.com\/la-presencia-de-bases-imponibles-negativas-pendientes-de-compensar-en-una-fusion-por-absorcion\/"]}]},{"@type":"BreadcrumbList","@id":"https:\/\/www.ideolegal.com\/la-presencia-de-bases-imponibles-negativas-pendientes-de-compensar-en-una-fusion-por-absorcion\/#breadcrumb","itemListElement":[{"@type":"ListItem","position":1,"name":"Portada","item":"https:\/\/www.ideolegal.com\/en\/"},{"@type":"ListItem","position":2,"name":"La presencia de bases imponibles negativas pendientes de compensar en una fusi\u00f3n por absorci\u00f3n"}]},{"@type":"WebSite","@id":"https:\/\/www.ideolegal.com\/#website","url":"https:\/\/www.ideolegal.com\/","name":"IDEO LEGAL","description":"Abogados especialistas en Derecho Financiero y Tributario en Madrid y M\u00e1laga","publisher":{"@id":"https:\/\/www.ideolegal.com\/#organization"},"potentialAction":[{"@type":"SearchAction","target":{"@type":"EntryPoint","urlTemplate":"https:\/\/www.ideolegal.com\/?s={search_term_string}"},"query-input":{"@type":"PropertyValueSpecification","valueRequired":true,"valueName":"search_term_string"}}],"inLanguage":"en-US"},{"@type":"Organization","@id":"https:\/\/www.ideolegal.com\/#organization","name":"IDEO LEGAL","url":"https:\/\/www.ideolegal.com\/","logo":{"@type":"ImageObject","inLanguage":"en-US","@id":"https:\/\/www.ideolegal.com\/#\/schema\/logo\/image\/","url":"https:\/\/www.ideolegal.com\/wp-content\/uploads\/ideo_legal-logo-new.png","contentUrl":"https:\/\/www.ideolegal.com\/wp-content\/uploads\/ideo_legal-logo-new.png","width":350,"height":86,"caption":"IDEO LEGAL"},"image":{"@id":"https:\/\/www.ideolegal.com\/#\/schema\/logo\/image\/"}},{"@type":"Person","@id":"https:\/\/www.ideolegal.com\/#\/schema\/person\/385e5b0d6dac23c4ee00e88a64c674f9","name":"Ideo Legal","image":{"@type":"ImageObject","inLanguage":"en-US","@id":"https:\/\/secure.gravatar.com\/avatar\/8248456b70d3352af8951e364610e860d47b1097e0d5d04354f9702888f9b2cc?s=96&d=mm&r=g","url":"https:\/\/secure.gravatar.com\/avatar\/8248456b70d3352af8951e364610e860d47b1097e0d5d04354f9702888f9b2cc?s=96&d=mm&r=g","contentUrl":"https:\/\/secure.gravatar.com\/avatar\/8248456b70d3352af8951e364610e860d47b1097e0d5d04354f9702888f9b2cc?s=96&d=mm&r=g","caption":"Ideo Legal"},"url":"https:\/\/www.ideolegal.com\/en\/author\/ngarcia\/"}]}},"_links":{"self":[{"href":"https:\/\/www.ideolegal.com\/en\/wp-json\/wp\/v2\/posts\/3302","targetHints":{"allow":["GET"]}}],"collection":[{"href":"https:\/\/www.ideolegal.com\/en\/wp-json\/wp\/v2\/posts"}],"about":[{"href":"https:\/\/www.ideolegal.com\/en\/wp-json\/wp\/v2\/types\/post"}],"author":[{"embeddable":true,"href":"https:\/\/www.ideolegal.com\/en\/wp-json\/wp\/v2\/users\/7"}],"replies":[{"embeddable":true,"href":"https:\/\/www.ideolegal.com\/en\/wp-json\/wp\/v2\/comments?post=3302"}],"version-history":[{"count":1,"href":"https:\/\/www.ideolegal.com\/en\/wp-json\/wp\/v2\/posts\/3302\/revisions"}],"predecessor-version":[{"id":3303,"href":"https:\/\/www.ideolegal.com\/en\/wp-json\/wp\/v2\/posts\/3302\/revisions\/3303"}],"wp:attachment":[{"href":"https:\/\/www.ideolegal.com\/en\/wp-json\/wp\/v2\/media?parent=3302"}],"wp:term":[{"taxonomy":"category","embeddable":true,"href":"https:\/\/www.ideolegal.com\/en\/wp-json\/wp\/v2\/categories?post=3302"},{"taxonomy":"post_tag","embeddable":true,"href":"https:\/\/www.ideolegal.com\/en\/wp-json\/wp\/v2\/tags?post=3302"}],"curies":[{"name":"wp","href":"https:\/\/api.w.org\/{rel}","templated":true}]}}