{"id":235,"date":"2018-04-03T12:00:36","date_gmt":"2018-04-03T10:00:36","guid":{"rendered":"http:\/\/law-firm.omnicom-dev.com\/main-demo\/?p=235"},"modified":"2019-02-27T15:02:12","modified_gmt":"2019-02-27T13:02:12","slug":"tributos-y-presupuestos","status":"publish","type":"post","link":"https:\/\/www.ideolegal.com\/en\/tributos-y-presupuestos\/","title":{"rendered":"Tributos y Presupuestos"},"content":{"rendered":"<p style=\"text-align: right;\"><strong>Javier Mart\u00edn Fern\u00e1ndez<\/strong><\/p>\n<p style=\"text-align: right;\">Publicado en <em>Cinco D\u00edas<\/em> el 3 de abril de 2018<\/p>\n<p>&nbsp;<\/p>\n<p>Tal y como ocurri\u00f3 con los Presupuestos del a\u00f1o anterior, la caracter\u00edstica m\u00e1s importante del proyecto aprobado por el Consejo de Ministros para 2018 es la ausencia de medidas tributarias. Eso s\u00ed, merece destacarse que, en el IRPF, se contemplan algunas relevantes y con un impacto estimado de unos 2.000 mil millones.<\/p>\n<p>En primer lugar, una bajada del tributo para los salarios m\u00e1s bajos. En este sentido, el m\u00ednimo exento, que actualmente se corresponde con un salario bruto de 12.000 euros anuales, se incrementa hasta los 14.000 euros. Adem\u00e1s, se incrementa la reducci\u00f3n por rendimientos netos del trabajo para los salarios brutos entre 14.000 y 18.000 euros. Seg\u00fan el Gobierno, esta medida beneficiar\u00e1 a unos 3,5 millones de contribuyentes, de los que alrededor de 1 mill\u00f3n son pensionistas.<\/p>\n<p>En segundo lugar, dos nuevos cheques (lo que se conoce como \u201c<em>impuesto negativo\u201d<\/em>). De un lado, el de natalidad, de forma que, con car\u00e1cter general, la deducci\u00f3n de 1.200 euros anuales se incrementa en 600 euros por cada hijo en las familias que tengan la condici\u00f3n de numerosas. De otro, el de guarder\u00eda, que permite la deducci\u00f3n de hasta un m\u00e1ximo de 1.000 euros por a\u00f1o para las madres trabajadoras por gastos de guarder\u00eda de ni\u00f1os entre 0 y 3 a\u00f1os.<\/p>\n<p>Por \u00faltimo, los actuales cheques familiares, se ampl\u00edan para incluir una nueva deducci\u00f3n de 1.200 euros anuales por c\u00f3nyuge por discapacidad.<\/p>\n<p>En el IVA el tipo de gravamen aplicable al cine baja del 21 por 100 actual al 10 por 100 y que ya se aplica a los espect\u00e1culos en directo.<\/p>\n<p>Una vez m\u00e1s y desde el punto de vista de la t\u00e9cnica tributaria, esta ausencia de innovaci\u00f3n es de agradecer. Afortunadamente dejamos atr\u00e1s un sinf\u00edn de reformas que han afectado a los principales figuras de nuestro pa\u00eds (IRPF, IS e IVA). Un marco tributario estable ofrece seguridad a los operadores y, por ello, constituye un factor de competitividad de nuestra econom\u00eda. Sin duda, todas ellas se habr\u00e1n querido dejar para el nuevo sistema de financiaci\u00f3n auton\u00f3mica y local, que aquellos esperan como agua de mayo.<\/p>\n","protected":false},"excerpt":{"rendered":"<p>Tal y como ocurri\u00f3 con los Presupuestos del a\u00f1o anterior, la caracter\u00edstica m\u00e1s importante del proyecto aprobado por el Consejo de Ministros para 2018 es la ausencia de medidas tributarias.<\/p>\n","protected":false},"author":4,"featured_media":2061,"comment_status":"closed","ping_status":"open","sticky":false,"template":"","format":"image","meta":{"footnotes":""},"categories":[47],"tags":[],"class_list":["post-235","post","type-post","status-publish","format-image","has-post-thumbnail","hentry","category-derecho-tributario","post_format-post-format-image"],"yoast_head":"<!-- This site is optimized with the Yoast SEO plugin v27.5 - https:\/\/yoast.com\/product\/yoast-seo-wordpress\/ -->\n<title>Tributos y Presupuestos - IDEO LEGAL Abogados especialistas en Derecho Financiero y Tributario en Madrid y M\u00e1laga<\/title>\n<meta name=\"robots\" content=\"index, follow, max-snippet:-1, max-image-preview:large, max-video-preview:-1\" \/>\n<link rel=\"canonical\" href=\"https:\/\/www.ideolegal.com\/tributos-y-presupuestos\/\" \/>\n<meta property=\"og:locale\" content=\"en_US\" \/>\n<meta property=\"og:type\" content=\"article\" \/>\n<meta property=\"og:title\" content=\"Tributos y Presupuestos - IDEO LEGAL Abogados especialistas en Derecho Financiero y Tributario en Madrid y M\u00e1laga\" \/>\n<meta property=\"og:description\" content=\"Tal y como ocurri\u00f3 con los Presupuestos del a\u00f1o anterior, la caracter\u00edstica m\u00e1s importante del proyecto aprobado por el Consejo de Ministros para 2018 es la ausencia de medidas tributarias.\" \/>\n<meta property=\"og:url\" content=\"https:\/\/www.ideolegal.com\/tributos-y-presupuestos\/\" \/>\n<meta property=\"og:site_name\" content=\"IDEO LEGAL\" \/>\n<meta property=\"article:published_time\" content=\"2018-04-03T10:00:36+00:00\" \/>\n<meta property=\"article:modified_time\" content=\"2019-02-27T13:02:12+00:00\" \/>\n<meta property=\"og:image\" content=\"https:\/\/www.ideolegal.com\/wp-content\/uploads\/tributos-presupuestos.jpg\" \/>\n\t<meta property=\"og:image:width\" content=\"1920\" \/>\n\t<meta property=\"og:image:height\" content=\"1280\" \/>\n\t<meta property=\"og:image:type\" content=\"image\/jpeg\" \/>\n<meta name=\"author\" content=\"Ideo Legal\" \/>\n<meta name=\"twitter:card\" content=\"summary_large_image\" \/>\n<meta name=\"twitter:label1\" content=\"Written by\" \/>\n\t<meta name=\"twitter:data1\" content=\"Ideo Legal\" \/>\n\t<meta name=\"twitter:label2\" content=\"Est. reading time\" \/>\n\t<meta name=\"twitter:data2\" content=\"2 minutes\" \/>\n<script type=\"application\/ld+json\" class=\"yoast-schema-graph\">{\"@context\":\"https:\\\/\\\/schema.org\",\"@graph\":[{\"@type\":\"Article\",\"@id\":\"https:\\\/\\\/www.ideolegal.com\\\/tributos-y-presupuestos\\\/#article\",\"isPartOf\":{\"@id\":\"https:\\\/\\\/www.ideolegal.com\\\/tributos-y-presupuestos\\\/\"},\"author\":{\"name\":\"Ideo Legal\",\"@id\":\"https:\\\/\\\/www.ideolegal.com\\\/#\\\/schema\\\/person\\\/ffc2742489f74493875a911a107a10df\"},\"headline\":\"Tributos y Presupuestos\",\"datePublished\":\"2018-04-03T10:00:36+00:00\",\"dateModified\":\"2019-02-27T13:02:12+00:00\",\"mainEntityOfPage\":{\"@id\":\"https:\\\/\\\/www.ideolegal.com\\\/tributos-y-presupuestos\\\/\"},\"wordCount\":378,\"publisher\":{\"@id\":\"https:\\\/\\\/www.ideolegal.com\\\/#organization\"},\"image\":{\"@id\":\"https:\\\/\\\/www.ideolegal.com\\\/tributos-y-presupuestos\\\/#primaryimage\"},\"thumbnailUrl\":\"https:\\\/\\\/www.ideolegal.com\\\/wp-content\\\/uploads\\\/tributos-presupuestos.jpg\",\"articleSection\":[\"Derecho Tributario\"],\"inLanguage\":\"en-US\"},{\"@type\":\"WebPage\",\"@id\":\"https:\\\/\\\/www.ideolegal.com\\\/tributos-y-presupuestos\\\/\",\"url\":\"https:\\\/\\\/www.ideolegal.com\\\/tributos-y-presupuestos\\\/\",\"name\":\"Tributos y Presupuestos - IDEO LEGAL Abogados especialistas en Derecho Financiero y Tributario en Madrid y M\u00e1laga\",\"isPartOf\":{\"@id\":\"https:\\\/\\\/www.ideolegal.com\\\/#website\"},\"primaryImageOfPage\":{\"@id\":\"https:\\\/\\\/www.ideolegal.com\\\/tributos-y-presupuestos\\\/#primaryimage\"},\"image\":{\"@id\":\"https:\\\/\\\/www.ideolegal.com\\\/tributos-y-presupuestos\\\/#primaryimage\"},\"thumbnailUrl\":\"https:\\\/\\\/www.ideolegal.com\\\/wp-content\\\/uploads\\\/tributos-presupuestos.jpg\",\"datePublished\":\"2018-04-03T10:00:36+00:00\",\"dateModified\":\"2019-02-27T13:02:12+00:00\",\"breadcrumb\":{\"@id\":\"https:\\\/\\\/www.ideolegal.com\\\/tributos-y-presupuestos\\\/#breadcrumb\"},\"inLanguage\":\"en-US\",\"potentialAction\":[{\"@type\":\"ReadAction\",\"target\":[\"https:\\\/\\\/www.ideolegal.com\\\/tributos-y-presupuestos\\\/\"]}]},{\"@type\":\"ImageObject\",\"inLanguage\":\"en-US\",\"@id\":\"https:\\\/\\\/www.ideolegal.com\\\/tributos-y-presupuestos\\\/#primaryimage\",\"url\":\"https:\\\/\\\/www.ideolegal.com\\\/wp-content\\\/uploads\\\/tributos-presupuestos.jpg\",\"contentUrl\":\"https:\\\/\\\/www.ideolegal.com\\\/wp-content\\\/uploads\\\/tributos-presupuestos.jpg\",\"width\":1920,\"height\":1280,\"caption\":\"Ideo Legal\"},{\"@type\":\"BreadcrumbList\",\"@id\":\"https:\\\/\\\/www.ideolegal.com\\\/tributos-y-presupuestos\\\/#breadcrumb\",\"itemListElement\":[{\"@type\":\"ListItem\",\"position\":1,\"name\":\"Portada\",\"item\":\"https:\\\/\\\/www.ideolegal.com\\\/en\\\/\"},{\"@type\":\"ListItem\",\"position\":2,\"name\":\"Tributos y Presupuestos\"}]},{\"@type\":\"WebSite\",\"@id\":\"https:\\\/\\\/www.ideolegal.com\\\/#website\",\"url\":\"https:\\\/\\\/www.ideolegal.com\\\/\",\"name\":\"IDEO LEGAL\",\"description\":\"Abogados especialistas en Derecho Financiero y Tributario en Madrid y M\u00e1laga\",\"publisher\":{\"@id\":\"https:\\\/\\\/www.ideolegal.com\\\/#organization\"},\"potentialAction\":[{\"@type\":\"SearchAction\",\"target\":{\"@type\":\"EntryPoint\",\"urlTemplate\":\"https:\\\/\\\/www.ideolegal.com\\\/?s={search_term_string}\"},\"query-input\":{\"@type\":\"PropertyValueSpecification\",\"valueRequired\":true,\"valueName\":\"search_term_string\"}}],\"inLanguage\":\"en-US\"},{\"@type\":\"Organization\",\"@id\":\"https:\\\/\\\/www.ideolegal.com\\\/#organization\",\"name\":\"IDEO LEGAL\",\"url\":\"https:\\\/\\\/www.ideolegal.com\\\/\",\"logo\":{\"@type\":\"ImageObject\",\"inLanguage\":\"en-US\",\"@id\":\"https:\\\/\\\/www.ideolegal.com\\\/#\\\/schema\\\/logo\\\/image\\\/\",\"url\":\"https:\\\/\\\/www.ideolegal.com\\\/wp-content\\\/uploads\\\/ideo_legal-logo-new.png\",\"contentUrl\":\"https:\\\/\\\/www.ideolegal.com\\\/wp-content\\\/uploads\\\/ideo_legal-logo-new.png\",\"width\":350,\"height\":86,\"caption\":\"IDEO LEGAL\"},\"image\":{\"@id\":\"https:\\\/\\\/www.ideolegal.com\\\/#\\\/schema\\\/logo\\\/image\\\/\"}},{\"@type\":\"Person\",\"@id\":\"https:\\\/\\\/www.ideolegal.com\\\/#\\\/schema\\\/person\\\/ffc2742489f74493875a911a107a10df\",\"name\":\"Ideo Legal\",\"image\":{\"@type\":\"ImageObject\",\"inLanguage\":\"en-US\",\"@id\":\"https:\\\/\\\/secure.gravatar.com\\\/avatar\\\/0ebca4407bb57b0c9696bad57a7fe578bcde74bb5214811efd0a85629c7e224c?s=96&d=mm&r=g\",\"url\":\"https:\\\/\\\/secure.gravatar.com\\\/avatar\\\/0ebca4407bb57b0c9696bad57a7fe578bcde74bb5214811efd0a85629c7e224c?s=96&d=mm&r=g\",\"contentUrl\":\"https:\\\/\\\/secure.gravatar.com\\\/avatar\\\/0ebca4407bb57b0c9696bad57a7fe578bcde74bb5214811efd0a85629c7e224c?s=96&d=mm&r=g\",\"caption\":\"Ideo Legal\"},\"url\":\"https:\\\/\\\/www.ideolegal.com\\\/en\\\/author\\\/dcastro\\\/\"}]}<\/script>\n<!-- \/ Yoast SEO plugin. -->","yoast_head_json":{"title":"Tributos y Presupuestos - IDEO LEGAL Abogados especialistas en Derecho Financiero y Tributario en Madrid y M\u00e1laga","robots":{"index":"index","follow":"follow","max-snippet":"max-snippet:-1","max-image-preview":"max-image-preview:large","max-video-preview":"max-video-preview:-1"},"canonical":"https:\/\/www.ideolegal.com\/tributos-y-presupuestos\/","og_locale":"en_US","og_type":"article","og_title":"Tributos y Presupuestos - IDEO LEGAL Abogados especialistas en Derecho Financiero y Tributario en Madrid y M\u00e1laga","og_description":"Tal y como ocurri\u00f3 con los Presupuestos del a\u00f1o anterior, la caracter\u00edstica m\u00e1s importante del proyecto aprobado por el Consejo de Ministros para 2018 es la ausencia de medidas tributarias.","og_url":"https:\/\/www.ideolegal.com\/tributos-y-presupuestos\/","og_site_name":"IDEO LEGAL","article_published_time":"2018-04-03T10:00:36+00:00","article_modified_time":"2019-02-27T13:02:12+00:00","og_image":[{"width":1920,"height":1280,"url":"https:\/\/www.ideolegal.com\/wp-content\/uploads\/tributos-presupuestos.jpg","type":"image\/jpeg"}],"author":"Ideo Legal","twitter_card":"summary_large_image","twitter_misc":{"Written by":"Ideo Legal","Est. reading time":"2 minutes"},"schema":{"@context":"https:\/\/schema.org","@graph":[{"@type":"Article","@id":"https:\/\/www.ideolegal.com\/tributos-y-presupuestos\/#article","isPartOf":{"@id":"https:\/\/www.ideolegal.com\/tributos-y-presupuestos\/"},"author":{"name":"Ideo Legal","@id":"https:\/\/www.ideolegal.com\/#\/schema\/person\/ffc2742489f74493875a911a107a10df"},"headline":"Tributos y Presupuestos","datePublished":"2018-04-03T10:00:36+00:00","dateModified":"2019-02-27T13:02:12+00:00","mainEntityOfPage":{"@id":"https:\/\/www.ideolegal.com\/tributos-y-presupuestos\/"},"wordCount":378,"publisher":{"@id":"https:\/\/www.ideolegal.com\/#organization"},"image":{"@id":"https:\/\/www.ideolegal.com\/tributos-y-presupuestos\/#primaryimage"},"thumbnailUrl":"https:\/\/www.ideolegal.com\/wp-content\/uploads\/tributos-presupuestos.jpg","articleSection":["Derecho Tributario"],"inLanguage":"en-US"},{"@type":"WebPage","@id":"https:\/\/www.ideolegal.com\/tributos-y-presupuestos\/","url":"https:\/\/www.ideolegal.com\/tributos-y-presupuestos\/","name":"Tributos y Presupuestos - IDEO LEGAL Abogados especialistas en Derecho Financiero y Tributario en Madrid y M\u00e1laga","isPartOf":{"@id":"https:\/\/www.ideolegal.com\/#website"},"primaryImageOfPage":{"@id":"https:\/\/www.ideolegal.com\/tributos-y-presupuestos\/#primaryimage"},"image":{"@id":"https:\/\/www.ideolegal.com\/tributos-y-presupuestos\/#primaryimage"},"thumbnailUrl":"https:\/\/www.ideolegal.com\/wp-content\/uploads\/tributos-presupuestos.jpg","datePublished":"2018-04-03T10:00:36+00:00","dateModified":"2019-02-27T13:02:12+00:00","breadcrumb":{"@id":"https:\/\/www.ideolegal.com\/tributos-y-presupuestos\/#breadcrumb"},"inLanguage":"en-US","potentialAction":[{"@type":"ReadAction","target":["https:\/\/www.ideolegal.com\/tributos-y-presupuestos\/"]}]},{"@type":"ImageObject","inLanguage":"en-US","@id":"https:\/\/www.ideolegal.com\/tributos-y-presupuestos\/#primaryimage","url":"https:\/\/www.ideolegal.com\/wp-content\/uploads\/tributos-presupuestos.jpg","contentUrl":"https:\/\/www.ideolegal.com\/wp-content\/uploads\/tributos-presupuestos.jpg","width":1920,"height":1280,"caption":"Ideo Legal"},{"@type":"BreadcrumbList","@id":"https:\/\/www.ideolegal.com\/tributos-y-presupuestos\/#breadcrumb","itemListElement":[{"@type":"ListItem","position":1,"name":"Portada","item":"https:\/\/www.ideolegal.com\/en\/"},{"@type":"ListItem","position":2,"name":"Tributos y Presupuestos"}]},{"@type":"WebSite","@id":"https:\/\/www.ideolegal.com\/#website","url":"https:\/\/www.ideolegal.com\/","name":"IDEO LEGAL","description":"Abogados especialistas en Derecho Financiero y Tributario en Madrid y M\u00e1laga","publisher":{"@id":"https:\/\/www.ideolegal.com\/#organization"},"potentialAction":[{"@type":"SearchAction","target":{"@type":"EntryPoint","urlTemplate":"https:\/\/www.ideolegal.com\/?s={search_term_string}"},"query-input":{"@type":"PropertyValueSpecification","valueRequired":true,"valueName":"search_term_string"}}],"inLanguage":"en-US"},{"@type":"Organization","@id":"https:\/\/www.ideolegal.com\/#organization","name":"IDEO LEGAL","url":"https:\/\/www.ideolegal.com\/","logo":{"@type":"ImageObject","inLanguage":"en-US","@id":"https:\/\/www.ideolegal.com\/#\/schema\/logo\/image\/","url":"https:\/\/www.ideolegal.com\/wp-content\/uploads\/ideo_legal-logo-new.png","contentUrl":"https:\/\/www.ideolegal.com\/wp-content\/uploads\/ideo_legal-logo-new.png","width":350,"height":86,"caption":"IDEO LEGAL"},"image":{"@id":"https:\/\/www.ideolegal.com\/#\/schema\/logo\/image\/"}},{"@type":"Person","@id":"https:\/\/www.ideolegal.com\/#\/schema\/person\/ffc2742489f74493875a911a107a10df","name":"Ideo Legal","image":{"@type":"ImageObject","inLanguage":"en-US","@id":"https:\/\/secure.gravatar.com\/avatar\/0ebca4407bb57b0c9696bad57a7fe578bcde74bb5214811efd0a85629c7e224c?s=96&d=mm&r=g","url":"https:\/\/secure.gravatar.com\/avatar\/0ebca4407bb57b0c9696bad57a7fe578bcde74bb5214811efd0a85629c7e224c?s=96&d=mm&r=g","contentUrl":"https:\/\/secure.gravatar.com\/avatar\/0ebca4407bb57b0c9696bad57a7fe578bcde74bb5214811efd0a85629c7e224c?s=96&d=mm&r=g","caption":"Ideo Legal"},"url":"https:\/\/www.ideolegal.com\/en\/author\/dcastro\/"}]}},"_links":{"self":[{"href":"https:\/\/www.ideolegal.com\/en\/wp-json\/wp\/v2\/posts\/235","targetHints":{"allow":["GET"]}}],"collection":[{"href":"https:\/\/www.ideolegal.com\/en\/wp-json\/wp\/v2\/posts"}],"about":[{"href":"https:\/\/www.ideolegal.com\/en\/wp-json\/wp\/v2\/types\/post"}],"author":[{"embeddable":true,"href":"https:\/\/www.ideolegal.com\/en\/wp-json\/wp\/v2\/users\/4"}],"replies":[{"embeddable":true,"href":"https:\/\/www.ideolegal.com\/en\/wp-json\/wp\/v2\/comments?post=235"}],"version-history":[{"count":3,"href":"https:\/\/www.ideolegal.com\/en\/wp-json\/wp\/v2\/posts\/235\/revisions"}],"predecessor-version":[{"id":2064,"href":"https:\/\/www.ideolegal.com\/en\/wp-json\/wp\/v2\/posts\/235\/revisions\/2064"}],"wp:featuredmedia":[{"embeddable":true,"href":"https:\/\/www.ideolegal.com\/en\/wp-json\/wp\/v2\/media\/2061"}],"wp:attachment":[{"href":"https:\/\/www.ideolegal.com\/en\/wp-json\/wp\/v2\/media?parent=235"}],"wp:term":[{"taxonomy":"category","embeddable":true,"href":"https:\/\/www.ideolegal.com\/en\/wp-json\/wp\/v2\/categories?post=235"},{"taxonomy":"post_tag","embeddable":true,"href":"https:\/\/www.ideolegal.com\/en\/wp-json\/wp\/v2\/tags?post=235"}],"curies":[{"name":"wp","href":"https:\/\/api.w.org\/{rel}","templated":true}]}}